{"id":862,"date":"2014-01-18T15:12:06","date_gmt":"2014-01-18T15:12:06","guid":{"rendered":"http:\/\/themes.goodlayers2.com\/flawless\/?p=862"},"modified":"2014-01-18T15:12:06","modified_gmt":"2014-01-18T15:12:06","slug":"la-troisieme-edition-du-cooksound-festival-est-terminee","status":"publish","type":"post","link":"https:\/\/www.cooksound.com\/en\/la-troisieme-edition-du-cooksound-festival-est-terminee\/","title":{"rendered":"La troisi\u00e8me \u00e9dition du Cooksound Festival est termin\u00e9e !"},"content":{"rendered":"<p><img decoding=\"async\" class=\"{       margin-bottom: 20px;     margin-right: 10 px; } alignleft wp-image-2736 size-full\" src=\"http:\/\/paulingrimaud.com\/wp-content\/uploads\/2014\/01\/news2.jpg\" alt=\"news2\" width=\"238\" height=\"158\" \/>Et quelle \u00e9dition ! Du 11 au 13 Juillet, le Couvent des Cordeliers \u00e0 Forcalquier a v\u00e9cu des moments tout simplement exceptionnels. D\u00e8s jeudi, pour l\u2019ouverture du festival, Tchal\u00e9 a propos\u00e9 une prestation artistique de haute vol\u00e9e, laissant augurer de belles choses pour les jours suivants, avec en parall\u00e8le la projection du film \u00ab Benda Bilili \u00bb. Vendredi, <strong>Ballake Sissoko<\/strong> a \u00e9merveill\u00e9 les festivaliers, dans un couvent qui \u00e9tait plein ! <strong>Oy<\/strong>, avec sa charismatique chanteuse, a ensuite enchain\u00e9 un live musique\/vid\u00e9o plein d\u2019\u00e9nergie ! Samedi, pour la soir\u00e9e de cloture, <strong>Saiko Nata<\/strong> avec ses danseurs ont appos\u00e9 un magnifiquement moment de r\u00eaves et de po\u00e9sie, tandis que <strong>Temenik Electric<\/strong> a litt\u00e9ralement enflamm\u00e9 le couvent, avec son intense rock du Maghreb ! On n\u2019oubliera pas bien entendu les djs <strong>Big Buddha et Ed Nodda<\/strong>, qui ont distill\u00e9 des perles de l\u2019afro-beat tout le long du festival.<\/p>\n<p>Au vu de l\u2019affluence tr\u00e8s importante des festivaliers durant ces trois jours et des retours extr\u00eamement positifs que nous avons eu, nous pouvons affirmer sans aucun doute possible que cette \u00e9dition fut une r\u00e9ussite totale.<\/p>\n<p>Cette r\u00e9ussite, nous la devons aussi aux diff\u00e9rents soutiens dont b\u00e9n\u00e9ficie La Plage Sonore.<\/p>\n<p>The <strong>Cooksound Festival #03<\/strong> a \u00e9t\u00e9 soutenu par le programme\u00a0 \u00abFonds europ\u00e9en agricole pour le d\u00e9veloppement rural : l\u2019Europe investit dans les zones rurales \u00bb et fait partie des festivit\u00e9s de Marseille Provence 2013 \u2013 Capitale Europ\u00e9enne de la Culture (labellisation hors territoire 13).\u00a0 A ce titre, nous remercions chaleureusement <strong>Christophe Castaner<\/strong>, d\u00e9put\u00e9-maire de Forcalquier pour sa confiance et son soutien dans le d\u00e9veloppement du Cooksound Festival ; <strong>Martine Dumas<\/strong>, \u00e9lue \u00e0 la culture \u00e0 la mairie de Forcalquier, qui nous a \u00e9galement fortement soutenu dans notre d\u00e9marche ; <strong>l\u2019ensemble des \u00e9lus et les services confondus de la ville de Forcalquier, l\u2019Office du Tourisme de Forcalquier et Montagne de Lure. Nous remercions \u00e9galement le Conseil Regional Alpes Provence Cote d\u2019Azur, La Direction R\u00e9gionale des Affaires Culturelles, l\u2019ensemble des services du Pays de Haute Provence, l\u2019UESS<\/strong>.<\/p>\n<p>Nous remercions \u00e9galement tous les partenaires priv\u00e9s qui nous soutiennent et nous apporte leurs savoir-faire : <strong>Terre d\u2019Oc \/ la Maison Francois Doucet \/ Kulte \/ Le K&#8217;f\u00e9 Quoi \/ Les yeux qui \u00e9coutent \/ La Cuisine Antique \/ Les distilleries de Provence \/ L\u2019atelier Periscope \/ GESPER \/ AREMACS \/ Entre Pierre et Bois\/ Sylvestre et les crins de Gaia\/ Un fil entre les mots\/ Kasumai \/ Co-voiturage.fr \/ Bat Mobil \/ La Carline \/ GAEC Meneaud \/ L&#8217;Espace Julien \/ Le Waaw \/ La Fnac \/ Digitick \/ Pro Festival&#8230;<br \/>\n<\/strong><\/p>\n<p>Nous remercions\u00a0 aussi les m\u00e9dias <strong>: Haute &#8211; Provence infos \/ La Provence \/ Nouvelle Vague \/ Radio Grenouille \/ Radio Nova \/ Gay Provence.com \/ Mondomix \/ Radio Zinzine<\/strong> <strong>\/ Longueurs d&#8217;ondes<\/strong>.<\/p>\n<p>Un merci tout particulier au <strong>K&#8217;f\u00e9 Quoi<\/strong> et \u00e0 la <strong>Cuisine Antique<\/strong> pour leurs engagements durant cette \u00e9dition.<\/p>\n<p>Nous remercions \u00e9galement chaleureusement <strong>tous nos b\u00e9n\u00e9voles<\/strong>, qui contribuent et participent\u00a0 grandement \u00e0 la r\u00e9ussite de cet \u00e9v\u00e8nement. Merci donc \u00e0 <strong>Fanny, Juliette, Tom, Saida, Bibiche, Martine, Delphine, Anne Laure, M&#8217;Ba, Morgane, Julie, Yamina, Pauline, Johan, Vincent, Thierry, Alexandre, Nico,Fred, Bruno, Damien, C\u00e9dric, TomTom, Nico, Lolo, Xavier, B\u00e9n\u00e9dicte, Yann, C\u00e9dric, Sylvestre&#8230;<\/strong>et tout ceux qui n&#8217;\u00e9taient pas pr\u00e9sent mais qui nous ont aid\u00e9, de pr\u00e8s ou de loin, par leur soutien!<\/p>\n<p>Le Cooksound Festival grandit progressivement. Et c\u2019est avec l\u2019aide de tous que nous pourrons continuer \u00e0 proposer durablement ce rendez vous\u00a0 culturel, familial, multidisciplinaire et \u00e9co-responsable.<\/p>\n<p>Merci \u00e0 tous et \u00e0 l\u2019ann\u00e9e prochaine pour la quatri\u00e8me \u00e9dition !<\/p>\n<p>Laurent Kouby et l\u2019\u00e9quipe du Cooksound Festival<\/p>","protected":false},"excerpt":{"rendered":"<p>Et quelle \u00e9dition ! Du 11 au 13 Juillet, le Couvent des Cordeliers \u00e0 Forcalquier a v\u00e9cu des moments tout simplement exceptionnels. D\u00e8s jeudi, pour l\u2019ouverture du festival, Tchal\u00e9 a propos\u00e9 une prestation artistique de haute vol\u00e9e, laissant augurer de belles choses pour les jours suivants, avec en parall\u00e8le la projection du film \u00ab Benda [&hellip;]<\/p>\n","protected":false},"author":1,"featured_media":0,"comment_status":"open","ping_status":"open","sticky":false,"template":"","format":"standard","meta":{"_acf_changed":false,"footnotes":""},"categories":[12],"tags":[22],"class_list":["post-862","post","type-post","status-publish","format-standard","hentry","category-blog","tag-blog"],"acf":[],"yoast_head":"<!-- This site is optimized with the Yoast SEO plugin v27.5 - https:\/\/yoast.com\/product\/yoast-seo-wordpress\/ -->\n<title>La troisi\u00e8me \u00e9dition du Cooksound Festival est termin\u00e9e ! - Cooksound Festival<\/title>\n<meta name=\"robots\" content=\"noindex, follow\" \/>\n<meta property=\"og:locale\" content=\"en_GB\" \/>\n<meta property=\"og:type\" content=\"article\" \/>\n<meta property=\"og:title\" content=\"La troisi\u00e8me \u00e9dition du Cooksound Festival est termin\u00e9e ! - Cooksound Festival\" \/>\n<meta property=\"og:description\" content=\"Et quelle \u00e9dition ! Du 11 au 13 Juillet, le Couvent des Cordeliers \u00e0 Forcalquier a v\u00e9cu des moments tout simplement exceptionnels. D\u00e8s jeudi, pour l\u2019ouverture du festival, Tchal\u00e9 a propos\u00e9 une prestation artistique de haute vol\u00e9e, laissant augurer de belles choses pour les jours suivants, avec en parall\u00e8le la projection du film \u00ab Benda [&hellip;]\" \/>\n<meta property=\"og:url\" content=\"https:\/\/www.cooksound.com\/en\/la-troisieme-edition-du-cooksound-festival-est-terminee\/\" \/>\n<meta property=\"og:site_name\" content=\"Cooksound Festival\" \/>\n<meta property=\"article:publisher\" content=\"https:\/\/www.facebook.com\/CooksoundFestival\" \/>\n<meta property=\"article:published_time\" content=\"2014-01-18T15:12:06+00:00\" \/>\n<meta property=\"og:image\" content=\"http:\/\/paulingrimaud.com\/wp-content\/uploads\/2014\/01\/news2.jpg\" \/>\n<meta name=\"author\" content=\"Cooksound-Admin\" \/>\n<meta name=\"twitter:card\" content=\"summary_large_image\" \/>\n<meta name=\"twitter:creator\" content=\"@cooksoundfest\" \/>\n<meta name=\"twitter:site\" content=\"@cooksoundfest\" \/>\n<meta name=\"twitter:label1\" content=\"Written by\" \/>\n\t<meta name=\"twitter:data1\" content=\"Cooksound-Admin\" \/>\n\t<meta name=\"twitter:label2\" content=\"Estimated reading time\" \/>\n\t<meta name=\"twitter:data2\" content=\"3 minutes\" \/>\n<script type=\"application\/ld+json\" class=\"yoast-schema-graph\">{\"@context\":\"https:\\\/\\\/schema.org\",\"@graph\":[{\"@type\":\"Article\",\"@id\":\"https:\\\/\\\/www.cooksound.com\\\/la-troisieme-edition-du-cooksound-festival-est-terminee\\\/#article\",\"isPartOf\":{\"@id\":\"https:\\\/\\\/www.cooksound.com\\\/la-troisieme-edition-du-cooksound-festival-est-terminee\\\/\"},\"author\":{\"name\":\"Cooksound-Admin\",\"@id\":\"https:\\\/\\\/www.cooksound.com\\\/#\\\/schema\\\/person\\\/f702889ceecaf36c65f27c0b59acd465\"},\"headline\":\"La troisi\u00e8me \u00e9dition du Cooksound Festival est termin\u00e9e !\",\"datePublished\":\"2014-01-18T15:12:06+00:00\",\"mainEntityOfPage\":{\"@id\":\"https:\\\/\\\/www.cooksound.com\\\/la-troisieme-edition-du-cooksound-festival-est-terminee\\\/\"},\"wordCount\":605,\"commentCount\":0,\"publisher\":{\"@id\":\"https:\\\/\\\/www.cooksound.com\\\/#organization\"},\"image\":{\"@id\":\"https:\\\/\\\/www.cooksound.com\\\/la-troisieme-edition-du-cooksound-festival-est-terminee\\\/#primaryimage\"},\"thumbnailUrl\":\"http:\\\/\\\/paulingrimaud.com\\\/wp-content\\\/uploads\\\/2014\\\/01\\\/news2.jpg\",\"keywords\":[\"Blog\"],\"articleSection\":[\"Blog\"],\"inLanguage\":\"en-GB\",\"potentialAction\":[{\"@type\":\"CommentAction\",\"name\":\"Comment\",\"target\":[\"https:\\\/\\\/www.cooksound.com\\\/la-troisieme-edition-du-cooksound-festival-est-terminee\\\/#respond\"]}]},{\"@type\":\"WebPage\",\"@id\":\"https:\\\/\\\/www.cooksound.com\\\/la-troisieme-edition-du-cooksound-festival-est-terminee\\\/\",\"url\":\"https:\\\/\\\/www.cooksound.com\\\/la-troisieme-edition-du-cooksound-festival-est-terminee\\\/\",\"name\":\"La troisi\u00e8me \u00e9dition du Cooksound Festival est termin\u00e9e ! - Cooksound Festival\",\"isPartOf\":{\"@id\":\"https:\\\/\\\/www.cooksound.com\\\/#website\"},\"primaryImageOfPage\":{\"@id\":\"https:\\\/\\\/www.cooksound.com\\\/la-troisieme-edition-du-cooksound-festival-est-terminee\\\/#primaryimage\"},\"image\":{\"@id\":\"https:\\\/\\\/www.cooksound.com\\\/la-troisieme-edition-du-cooksound-festival-est-terminee\\\/#primaryimage\"},\"thumbnailUrl\":\"http:\\\/\\\/paulingrimaud.com\\\/wp-content\\\/uploads\\\/2014\\\/01\\\/news2.jpg\",\"datePublished\":\"2014-01-18T15:12:06+00:00\",\"breadcrumb\":{\"@id\":\"https:\\\/\\\/www.cooksound.com\\\/la-troisieme-edition-du-cooksound-festival-est-terminee\\\/#breadcrumb\"},\"inLanguage\":\"en-GB\",\"potentialAction\":[{\"@type\":\"ReadAction\",\"target\":[\"https:\\\/\\\/www.cooksound.com\\\/la-troisieme-edition-du-cooksound-festival-est-terminee\\\/\"]}]},{\"@type\":\"ImageObject\",\"inLanguage\":\"en-GB\",\"@id\":\"https:\\\/\\\/www.cooksound.com\\\/la-troisieme-edition-du-cooksound-festival-est-terminee\\\/#primaryimage\",\"url\":\"http:\\\/\\\/paulingrimaud.com\\\/wp-content\\\/uploads\\\/2014\\\/01\\\/news2.jpg\",\"contentUrl\":\"http:\\\/\\\/paulingrimaud.com\\\/wp-content\\\/uploads\\\/2014\\\/01\\\/news2.jpg\"},{\"@type\":\"BreadcrumbList\",\"@id\":\"https:\\\/\\\/www.cooksound.com\\\/la-troisieme-edition-du-cooksound-festival-est-terminee\\\/#breadcrumb\",\"itemListElement\":[{\"@type\":\"ListItem\",\"position\":1,\"name\":\"Accueil\",\"item\":\"https:\\\/\\\/www.cooksound.com\\\/\"},{\"@type\":\"ListItem\",\"position\":2,\"name\":\"La troisi\u00e8me \u00e9dition du Cooksound Festival est termin\u00e9e !\"}]},{\"@type\":\"WebSite\",\"@id\":\"https:\\\/\\\/www.cooksound.com\\\/#website\",\"url\":\"https:\\\/\\\/www.cooksound.com\\\/\",\"name\":\"Cooksound Festival\",\"description\":\"Musique et gastronomie\",\"publisher\":{\"@id\":\"https:\\\/\\\/www.cooksound.com\\\/#organization\"},\"potentialAction\":[{\"@type\":\"SearchAction\",\"target\":{\"@type\":\"EntryPoint\",\"urlTemplate\":\"https:\\\/\\\/www.cooksound.com\\\/?s={search_term_string}\"},\"query-input\":{\"@type\":\"PropertyValueSpecification\",\"valueRequired\":true,\"valueName\":\"search_term_string\"}}],\"inLanguage\":\"en-GB\"},{\"@type\":\"Organization\",\"@id\":\"https:\\\/\\\/www.cooksound.com\\\/#organization\",\"name\":\"Cooksound Festival\",\"url\":\"https:\\\/\\\/www.cooksound.com\\\/\",\"logo\":{\"@type\":\"ImageObject\",\"inLanguage\":\"en-GB\",\"@id\":\"https:\\\/\\\/www.cooksound.com\\\/#\\\/schema\\\/logo\\\/image\\\/\",\"url\":\"https:\\\/\\\/www.cooksound.com\\\/wp-content\\\/uploads\\\/2021\\\/04\\\/logo-cooksound-noir.svg\",\"contentUrl\":\"https:\\\/\\\/www.cooksound.com\\\/wp-content\\\/uploads\\\/2021\\\/04\\\/logo-cooksound-noir.svg\",\"width\":1,\"height\":1,\"caption\":\"Cooksound Festival\"},\"image\":{\"@id\":\"https:\\\/\\\/www.cooksound.com\\\/#\\\/schema\\\/logo\\\/image\\\/\"},\"sameAs\":[\"https:\\\/\\\/www.facebook.com\\\/CooksoundFestival\",\"https:\\\/\\\/x.com\\\/cooksoundfest\",\"https:\\\/\\\/www.instagram.com\\\/festivalcooksound\\\/\",\"https:\\\/\\\/www.linkedin.com\\\/in\\\/cooksound-festival-75bab7114\\\/\",\"https:\\\/\\\/www.youtube.com\\\/user\\\/EvenementsCooksound\"]},{\"@type\":\"Person\",\"@id\":\"https:\\\/\\\/www.cooksound.com\\\/#\\\/schema\\\/person\\\/f702889ceecaf36c65f27c0b59acd465\",\"name\":\"Cooksound-Admin\",\"image\":{\"@type\":\"ImageObject\",\"inLanguage\":\"en-GB\",\"@id\":\"https:\\\/\\\/secure.gravatar.com\\\/avatar\\\/8215213b5818a25eef59b2ef63965c0e777617c10efa1757da90ca0921b020bc?s=96&d=mm&r=g\",\"url\":\"https:\\\/\\\/secure.gravatar.com\\\/avatar\\\/8215213b5818a25eef59b2ef63965c0e777617c10efa1757da90ca0921b020bc?s=96&d=mm&r=g\",\"contentUrl\":\"https:\\\/\\\/secure.gravatar.com\\\/avatar\\\/8215213b5818a25eef59b2ef63965c0e777617c10efa1757da90ca0921b020bc?s=96&d=mm&r=g\",\"caption\":\"Cooksound-Admin\"},\"sameAs\":[\"https:\\\/\\\/www.cooksound.com\"]}]}<\/script>\n<!-- \/ Yoast SEO plugin. -->","yoast_head_json":{"title":"La troisi\u00e8me \u00e9dition du Cooksound Festival est termin\u00e9e ! - Cooksound Festival","robots":{"index":"noindex","follow":"follow"},"og_locale":"en_GB","og_type":"article","og_title":"La troisi\u00e8me \u00e9dition du Cooksound Festival est termin\u00e9e ! - Cooksound Festival","og_description":"Et quelle \u00e9dition ! Du 11 au 13 Juillet, le Couvent des Cordeliers \u00e0 Forcalquier a v\u00e9cu des moments tout simplement exceptionnels. D\u00e8s jeudi, pour l\u2019ouverture du festival, Tchal\u00e9 a propos\u00e9 une prestation artistique de haute vol\u00e9e, laissant augurer de belles choses pour les jours suivants, avec en parall\u00e8le la projection du film \u00ab Benda [&hellip;]","og_url":"https:\/\/www.cooksound.com\/en\/la-troisieme-edition-du-cooksound-festival-est-terminee\/","og_site_name":"Cooksound Festival","article_publisher":"https:\/\/www.facebook.com\/CooksoundFestival","article_published_time":"2014-01-18T15:12:06+00:00","og_image":[{"url":"http:\/\/paulingrimaud.com\/wp-content\/uploads\/2014\/01\/news2.jpg","type":"","width":"","height":""}],"author":"Cooksound-Admin","twitter_card":"summary_large_image","twitter_creator":"@cooksoundfest","twitter_site":"@cooksoundfest","twitter_misc":{"Written by":"Cooksound-Admin","Estimated reading time":"3 minutes"},"schema":{"@context":"https:\/\/schema.org","@graph":[{"@type":"Article","@id":"https:\/\/www.cooksound.com\/la-troisieme-edition-du-cooksound-festival-est-terminee\/#article","isPartOf":{"@id":"https:\/\/www.cooksound.com\/la-troisieme-edition-du-cooksound-festival-est-terminee\/"},"author":{"name":"Cooksound-Admin","@id":"https:\/\/www.cooksound.com\/#\/schema\/person\/f702889ceecaf36c65f27c0b59acd465"},"headline":"La troisi\u00e8me \u00e9dition du Cooksound Festival est termin\u00e9e !","datePublished":"2014-01-18T15:12:06+00:00","mainEntityOfPage":{"@id":"https:\/\/www.cooksound.com\/la-troisieme-edition-du-cooksound-festival-est-terminee\/"},"wordCount":605,"commentCount":0,"publisher":{"@id":"https:\/\/www.cooksound.com\/#organization"},"image":{"@id":"https:\/\/www.cooksound.com\/la-troisieme-edition-du-cooksound-festival-est-terminee\/#primaryimage"},"thumbnailUrl":"http:\/\/paulingrimaud.com\/wp-content\/uploads\/2014\/01\/news2.jpg","keywords":["Blog"],"articleSection":["Blog"],"inLanguage":"en-GB","potentialAction":[{"@type":"CommentAction","name":"Comment","target":["https:\/\/www.cooksound.com\/la-troisieme-edition-du-cooksound-festival-est-terminee\/#respond"]}]},{"@type":"WebPage","@id":"https:\/\/www.cooksound.com\/la-troisieme-edition-du-cooksound-festival-est-terminee\/","url":"https:\/\/www.cooksound.com\/la-troisieme-edition-du-cooksound-festival-est-terminee\/","name":"La troisi\u00e8me \u00e9dition du Cooksound Festival est termin\u00e9e ! - Cooksound Festival","isPartOf":{"@id":"https:\/\/www.cooksound.com\/#website"},"primaryImageOfPage":{"@id":"https:\/\/www.cooksound.com\/la-troisieme-edition-du-cooksound-festival-est-terminee\/#primaryimage"},"image":{"@id":"https:\/\/www.cooksound.com\/la-troisieme-edition-du-cooksound-festival-est-terminee\/#primaryimage"},"thumbnailUrl":"http:\/\/paulingrimaud.com\/wp-content\/uploads\/2014\/01\/news2.jpg","datePublished":"2014-01-18T15:12:06+00:00","breadcrumb":{"@id":"https:\/\/www.cooksound.com\/la-troisieme-edition-du-cooksound-festival-est-terminee\/#breadcrumb"},"inLanguage":"en-GB","potentialAction":[{"@type":"ReadAction","target":["https:\/\/www.cooksound.com\/la-troisieme-edition-du-cooksound-festival-est-terminee\/"]}]},{"@type":"ImageObject","inLanguage":"en-GB","@id":"https:\/\/www.cooksound.com\/la-troisieme-edition-du-cooksound-festival-est-terminee\/#primaryimage","url":"http:\/\/paulingrimaud.com\/wp-content\/uploads\/2014\/01\/news2.jpg","contentUrl":"http:\/\/paulingrimaud.com\/wp-content\/uploads\/2014\/01\/news2.jpg"},{"@type":"BreadcrumbList","@id":"https:\/\/www.cooksound.com\/la-troisieme-edition-du-cooksound-festival-est-terminee\/#breadcrumb","itemListElement":[{"@type":"ListItem","position":1,"name":"Accueil","item":"https:\/\/www.cooksound.com\/"},{"@type":"ListItem","position":2,"name":"La troisi\u00e8me \u00e9dition du Cooksound Festival est termin\u00e9e !"}]},{"@type":"WebSite","@id":"https:\/\/www.cooksound.com\/#website","url":"https:\/\/www.cooksound.com\/","name":"Cooksound Festival","description":"Musique et gastronomie","publisher":{"@id":"https:\/\/www.cooksound.com\/#organization"},"potentialAction":[{"@type":"SearchAction","target":{"@type":"EntryPoint","urlTemplate":"https:\/\/www.cooksound.com\/?s={search_term_string}"},"query-input":{"@type":"PropertyValueSpecification","valueRequired":true,"valueName":"search_term_string"}}],"inLanguage":"en-GB"},{"@type":"Organization","@id":"https:\/\/www.cooksound.com\/#organization","name":"Cooksound Festival","url":"https:\/\/www.cooksound.com\/","logo":{"@type":"ImageObject","inLanguage":"en-GB","@id":"https:\/\/www.cooksound.com\/#\/schema\/logo\/image\/","url":"https:\/\/www.cooksound.com\/wp-content\/uploads\/2021\/04\/logo-cooksound-noir.svg","contentUrl":"https:\/\/www.cooksound.com\/wp-content\/uploads\/2021\/04\/logo-cooksound-noir.svg","width":1,"height":1,"caption":"Cooksound Festival"},"image":{"@id":"https:\/\/www.cooksound.com\/#\/schema\/logo\/image\/"},"sameAs":["https:\/\/www.facebook.com\/CooksoundFestival","https:\/\/x.com\/cooksoundfest","https:\/\/www.instagram.com\/festivalcooksound\/","https:\/\/www.linkedin.com\/in\/cooksound-festival-75bab7114\/","https:\/\/www.youtube.com\/user\/EvenementsCooksound"]},{"@type":"Person","@id":"https:\/\/www.cooksound.com\/#\/schema\/person\/f702889ceecaf36c65f27c0b59acd465","name":"Cooksound-Admin","image":{"@type":"ImageObject","inLanguage":"en-GB","@id":"https:\/\/secure.gravatar.com\/avatar\/8215213b5818a25eef59b2ef63965c0e777617c10efa1757da90ca0921b020bc?s=96&d=mm&r=g","url":"https:\/\/secure.gravatar.com\/avatar\/8215213b5818a25eef59b2ef63965c0e777617c10efa1757da90ca0921b020bc?s=96&d=mm&r=g","contentUrl":"https:\/\/secure.gravatar.com\/avatar\/8215213b5818a25eef59b2ef63965c0e777617c10efa1757da90ca0921b020bc?s=96&d=mm&r=g","caption":"Cooksound-Admin"},"sameAs":["https:\/\/www.cooksound.com"]}]}},"_links":{"self":[{"href":"https:\/\/www.cooksound.com\/en\/wp-json\/wp\/v2\/posts\/862","targetHints":{"allow":["GET"]}}],"collection":[{"href":"https:\/\/www.cooksound.com\/en\/wp-json\/wp\/v2\/posts"}],"about":[{"href":"https:\/\/www.cooksound.com\/en\/wp-json\/wp\/v2\/types\/post"}],"author":[{"embeddable":true,"href":"https:\/\/www.cooksound.com\/en\/wp-json\/wp\/v2\/users\/1"}],"replies":[{"embeddable":true,"href":"https:\/\/www.cooksound.com\/en\/wp-json\/wp\/v2\/comments?post=862"}],"version-history":[{"count":0,"href":"https:\/\/www.cooksound.com\/en\/wp-json\/wp\/v2\/posts\/862\/revisions"}],"wp:attachment":[{"href":"https:\/\/www.cooksound.com\/en\/wp-json\/wp\/v2\/media?parent=862"}],"wp:term":[{"taxonomy":"category","embeddable":true,"href":"https:\/\/www.cooksound.com\/en\/wp-json\/wp\/v2\/categories?post=862"},{"taxonomy":"post_tag","embeddable":true,"href":"https:\/\/www.cooksound.com\/en\/wp-json\/wp\/v2\/tags?post=862"}],"curies":[{"name":"wp","href":"https:\/\/api.w.org\/{rel}","templated":true}]}}